{"id":36004,"date":"2017-12-20T20:01:03","date_gmt":"2017-12-20T17:01:03","guid":{"rendered":"https:\/\/dev.prestigtours.com\/novosti\/na-kanarah-poiavilas-dostoprimechatelnost-iz-peska.html"},"modified":"2017-12-20T20:01:03","modified_gmt":"2017-12-20T17:01:03","slug":"na-kanarah-poiavilas-dostoprimechatelnost-iz-peska","status":"publish","type":"post","link":"https:\/\/dev.prestigtours.com\/es\/novosti\/na-kanarah-poiavilas-dostoprimechatelnost-iz-peska","title":{"rendered":"Ha aparecido una atracci\u00f3n de arena en las Islas Canarias."},"content":{"rendered":"<p><img decoding=\"async\" src=\"\/wp-content\/uploads\/2017\/12\/0da8626a5d60f9caedae2358935f2a5f.jpg\" \/><\/p>\n<p><p>La escultura de arena m\u00e1s grande del mundo ha adornado la playa de Las Canteras, en la isla espa\u00f1ola de Gran Canaria (Islas Canarias). Se utilizaron m\u00e1s de 2.000 toneladas de arena para crear esta magn\u00edfica escena navide\u00f1a.<!--more--><\/p>\n<p>Cada invierno, la ciudad de Las Palmas de Gran Canaria acoge el festival navide\u00f1o de esculturas de arena Bel\u00e9n de Arena. El a\u00f1o pasado, 214.000 personas vieron la colecci\u00f3n de esculturas de arena, y los organizadores esperan batir un nuevo r\u00e9cord de asistencia esta temporada. La exposici\u00f3n al aire libre permanecer\u00e1 abierta hasta el 8 de enero, seg\u00fan informa Espa\u00f1a en ruso.<\/p>\n<p>Todas las esculturas est\u00e1n dedicadas a la tem\u00e1tica de la Natividad. Representan el viaje de los Reyes Magos, el nacimiento de Jes\u00fas y otras escenas. Las figuras, creadas por escultores profesionales de toda Europa, alcanzan los cuatro metros de altura.<\/p>\n<p>Fuente: <a href=\"http:\/\/www.travel.ru\/news\/2017\/12\/15\/260290.html\" target=\"_blank\" rel=\"noopener\">viajar.ru<\/a><\/p>","protected":false},"excerpt":{"rendered":"<p>La escultura de arena m\u00e1s grande del mundo ha adornado la playa de Las Canteras en la isla espa\u00f1ola de Gran Canaria (Islas Canarias). La creaci\u00f3n de la magn\u00edfica Navidad...<\/p>","protected":false},"author":1,"featured_media":36005,"comment_status":"open","ping_status":"open","sticky":false,"template":"","format":"standard","meta":{"footnotes":""},"categories":[1],"tags":[14],"class_list":["post-36004","post","type-post","status-publish","format-standard","has-post-thumbnail","hentry","category-novosti","tag-ispaniya"],"_links":{"self":[{"href":"https:\/\/dev.prestigtours.com\/es\/wp-json\/wp\/v2\/posts\/36004"}],"collection":[{"href":"https:\/\/dev.prestigtours.com\/es\/wp-json\/wp\/v2\/posts"}],"about":[{"href":"https:\/\/dev.prestigtours.com\/es\/wp-json\/wp\/v2\/types\/post"}],"author":[{"embeddable":true,"href":"https:\/\/dev.prestigtours.com\/es\/wp-json\/wp\/v2\/users\/1"}],"replies":[{"embeddable":true,"href":"https:\/\/dev.prestigtours.com\/es\/wp-json\/wp\/v2\/comments?post=36004"}],"version-history":[{"count":0,"href":"https:\/\/dev.prestigtours.com\/es\/wp-json\/wp\/v2\/posts\/36004\/revisions"}],"wp:featuredmedia":[{"embeddable":true,"href":"https:\/\/dev.prestigtours.com\/es\/wp-json\/wp\/v2\/media\/36005"}],"wp:attachment":[{"href":"https:\/\/dev.prestigtours.com\/es\/wp-json\/wp\/v2\/media?parent=36004"}],"wp:term":[{"taxonomy":"category","embeddable":true,"href":"https:\/\/dev.prestigtours.com\/es\/wp-json\/wp\/v2\/categories?post=36004"},{"taxonomy":"post_tag","embeddable":true,"href":"https:\/\/dev.prestigtours.com\/es\/wp-json\/wp\/v2\/tags?post=36004"}],"curies":[{"name":"wp","href":"https:\/\/api.w.org\/{rel}","templated":true}]}}