{"id":39851,"date":"2018-03-02T09:01:06","date_gmt":"2018-03-02T06:01:06","guid":{"rendered":"https:\/\/dev.prestigtours.com\/novosti\/morozy-i-snegopady-v-evrope-priveli-k-transportnym-problemam.html"},"modified":"2018-03-02T09:01:06","modified_gmt":"2018-03-02T06:01:06","slug":"morozy-i-snegopady-v-evrope-priveli-k-transportnym-problemam","status":"publish","type":"post","link":"https:\/\/dev.prestigtours.com\/es\/novosti\/morozy-i-snegopady-v-evrope-priveli-k-transportnym-problemam","title":{"rendered":"Las heladas y nevadas en Europa han provocado problemas de transporte."},"content":{"rendered":"<p><img decoding=\"async\" src=\"\/wp-content\/uploads\/2018\/03\/5d0f2541f87877e788a1bbd9e3a3fbb6.jpg\" \/><\/p>\n<p><p>El fr\u00edo y las nevadas han provocado interrupciones del transporte en toda Europa. Los problemas han afectado a casi todo el continente, seg\u00fan informa Travel.ru.<\/p>\n<p>Incluso en pa\u00edses del sur, incluidos Italia y Espa\u00f1a, se registran temperaturas bajo cero.<!--more--> En los pa\u00edses del norte y en las zonas monta\u00f1osas las heladas pueden alcanzar a veces los 20-25 grados bajo cero.<\/p>\n<p>Varias aerol\u00edneas europeas han anunciado reducciones en sus horarios de vuelos para los pr\u00f3ximos d\u00edas. Se recomienda a los pasajeros consultar regularmente el estado de su vuelo en los d\u00edas previos a la salida. <\/p>\n<p>Tambi\u00e9n se reportan interrupciones en el transporte terrestre. En varios pa\u00edses, se han reducido los servicios de tren y autob\u00fas, y en algunos casos, tambi\u00e9n el transporte p\u00fablico. Los problemas son m\u00e1s graves en pa\u00edses poco acostumbrados a heladas severas y con escasez de equipos para retirar la nieve. Es probable que estas interrupciones contin\u00faen durante varios d\u00edas m\u00e1s.<\/p>\n<p>Fuente: <a href=\"http:\/\/www.travel.ru\/news\/2018\/02\/27\/260658.html\" target=\"_blank\" rel=\"noopener\">viajar.ru<\/a><\/p>","protected":false},"excerpt":{"rendered":"<p>El fr\u00edo y las nevadas han provocado interrupciones del transporte en toda Europa. Los problemas han afectado a casi todo el continente, seg\u00fan informa Travel.ru.<\/p>","protected":false},"author":1,"featured_media":39852,"comment_status":"open","ping_status":"open","sticky":false,"template":"","format":"standard","meta":{"footnotes":""},"categories":[1],"tags":[],"class_list":["post-39851","post","type-post","status-publish","format-standard","has-post-thumbnail","hentry","category-novosti"],"_links":{"self":[{"href":"https:\/\/dev.prestigtours.com\/es\/wp-json\/wp\/v2\/posts\/39851"}],"collection":[{"href":"https:\/\/dev.prestigtours.com\/es\/wp-json\/wp\/v2\/posts"}],"about":[{"href":"https:\/\/dev.prestigtours.com\/es\/wp-json\/wp\/v2\/types\/post"}],"author":[{"embeddable":true,"href":"https:\/\/dev.prestigtours.com\/es\/wp-json\/wp\/v2\/users\/1"}],"replies":[{"embeddable":true,"href":"https:\/\/dev.prestigtours.com\/es\/wp-json\/wp\/v2\/comments?post=39851"}],"version-history":[{"count":0,"href":"https:\/\/dev.prestigtours.com\/es\/wp-json\/wp\/v2\/posts\/39851\/revisions"}],"wp:featuredmedia":[{"embeddable":true,"href":"https:\/\/dev.prestigtours.com\/es\/wp-json\/wp\/v2\/media\/39852"}],"wp:attachment":[{"href":"https:\/\/dev.prestigtours.com\/es\/wp-json\/wp\/v2\/media?parent=39851"}],"wp:term":[{"taxonomy":"category","embeddable":true,"href":"https:\/\/dev.prestigtours.com\/es\/wp-json\/wp\/v2\/categories?post=39851"},{"taxonomy":"post_tag","embeddable":true,"href":"https:\/\/dev.prestigtours.com\/es\/wp-json\/wp\/v2\/tags?post=39851"}],"curies":[{"name":"wp","href":"https:\/\/api.w.org\/{rel}","templated":true}]}}