{"id":43853,"date":"2018-05-09T02:01:09","date_gmt":"2018-05-08T23:01:09","guid":{"rendered":"https:\/\/dev.prestigtours.com\/novosti\/mid-ob-ysilenii-protestnoi-aktivnosti-v-armenii.html"},"modified":"2018-05-09T02:01:09","modified_gmt":"2018-05-08T23:01:09","slug":"mid-ob-ysilenii-protestnoi-aktivnosti-v-armenii","status":"publish","type":"post","link":"https:\/\/dev.prestigtours.com\/es\/novosti\/mid-ob-ysilenii-protestnoi-aktivnosti-v-armenii","title":{"rendered":"El Ministerio de Asuntos Exteriores sobre el aumento de las protestas en Armenia"},"content":{"rendered":"<p>\n<strong>El Ministerio de Asuntos Exteriores de Rusia advirti\u00f3 sobre un aumento de la actividad de protesta en la capital de Armenia, Erev\u00e1n, el 8 de mayo en relaci\u00f3n con la reelecci\u00f3n del primer ministro del pa\u00eds, informa Interfax.<\/strong><\/p>\n<p>\n<strong><\/p>\n<p><img decoding=\"async\" src=\"\/wp-content\/uploads\/2018\/05\/47a1ed143c4a229a8d15e70326816097.jpg\" \/><\/p>\n<p><\/strong><\/p>\n<p>\nEn Armenia, el 8 de mayo, no se puede descartar un aumento de la actividad de protesta en la ciudad de Erev\u00e1n. Las protestas podr\u00edan tener lugar <!--more-->en la zona de los edificios de la Asamblea Nacional y el Parlamento. Tambi\u00e9n se esperan interrupciones en el transporte p\u00fablico. Se recomienda a los turistas evitar las zonas concurridas. <strong>informes<\/strong> El centro de crisis del Ministerio de Asuntos Exteriores de Rusia tuite\u00f3 el lunes.<\/p>\n<p>\nLas manifestaciones masivas exigiendo la dimisi\u00f3n del gobierno se han prolongado en Armenia desde el 13 de abril. Bajo presi\u00f3n, el primer ministro Serzh Sargsyan dimiti\u00f3 tras tan solo una semana en el cargo. Tras el fracaso del parlamento en elegir a Nikol Pashinyan, l\u00edder de la facci\u00f3n opositora y del Partido Yelk, como nuevo primer ministro la semana pasada, este convoc\u00f3 una huelga general. El mi\u00e9rcoles, simpatizantes de la oposici\u00f3n bloquearon las principales carreteras y se produjeron nuevas manifestaciones en Erev\u00e1n y otras ciudades. Se prev\u00e9n nuevas elecciones a primer ministro para el 8 de mayo, y Pashinyan ser\u00e1 el \u00fanico candidato en presentarse a las elecciones.<\/p>\n<p>Fuente: <a href=\"http:\/\/www.trn-news.ru\/news\/74382\" target=\"_blank\" rel=\"noopener\">trn-news.ru<\/a><\/p>","protected":false},"excerpt":{"rendered":"<p>El Ministerio de Asuntos Exteriores ruso advirti\u00f3 sobre un aumento de las protestas en la capital armenia, Erev\u00e1n, el 8 de mayo, con motivo de la reelecci\u00f3n del primer ministro del pa\u00eds, seg\u00fan informa Interfax. \u00abNo se puede descartar un aumento de las protestas en Armenia el 8 de mayo\u00bb.<\/p>","protected":false},"author":1,"featured_media":43854,"comment_status":"open","ping_status":"open","sticky":false,"template":"","format":"standard","meta":{"footnotes":""},"categories":[1],"tags":[],"class_list":["post-43853","post","type-post","status-publish","format-standard","has-post-thumbnail","hentry","category-novosti"],"_links":{"self":[{"href":"https:\/\/dev.prestigtours.com\/es\/wp-json\/wp\/v2\/posts\/43853"}],"collection":[{"href":"https:\/\/dev.prestigtours.com\/es\/wp-json\/wp\/v2\/posts"}],"about":[{"href":"https:\/\/dev.prestigtours.com\/es\/wp-json\/wp\/v2\/types\/post"}],"author":[{"embeddable":true,"href":"https:\/\/dev.prestigtours.com\/es\/wp-json\/wp\/v2\/users\/1"}],"replies":[{"embeddable":true,"href":"https:\/\/dev.prestigtours.com\/es\/wp-json\/wp\/v2\/comments?post=43853"}],"version-history":[{"count":0,"href":"https:\/\/dev.prestigtours.com\/es\/wp-json\/wp\/v2\/posts\/43853\/revisions"}],"wp:featuredmedia":[{"embeddable":true,"href":"https:\/\/dev.prestigtours.com\/es\/wp-json\/wp\/v2\/media\/43854"}],"wp:attachment":[{"href":"https:\/\/dev.prestigtours.com\/es\/wp-json\/wp\/v2\/media?parent=43853"}],"wp:term":[{"taxonomy":"category","embeddable":true,"href":"https:\/\/dev.prestigtours.com\/es\/wp-json\/wp\/v2\/categories?post=43853"},{"taxonomy":"post_tag","embeddable":true,"href":"https:\/\/dev.prestigtours.com\/es\/wp-json\/wp\/v2\/tags?post=43853"}],"curies":[{"name":"wp","href":"https:\/\/api.w.org\/{rel}","templated":true}]}}