{"id":57145,"date":"2018-12-03T21:01:03","date_gmt":"2018-12-03T18:01:03","guid":{"rendered":"https:\/\/dev.prestigtours.com\/novosti\/iz-za-povrejdenii-bydet-zakryta-triymfalnaia-arka-v-parije-dlia-tyristov.html"},"modified":"2018-12-03T21:01:03","modified_gmt":"2018-12-03T18:01:03","slug":"iz-za-povrejdenii-bydet-zakryta-triymfalnaia-arka-v-parije-dlia-tyristov","status":"publish","type":"post","link":"https:\/\/dev.prestigtours.com\/es\/novosti\/iz-za-povrejdenii-bydet-zakryta-triymfalnaia-arka-v-parije-dlia-tyristov","title":{"rendered":"El Arco del Triunfo de Par\u00eds permanecer\u00e1 cerrado a los turistas por da\u00f1os"},"content":{"rendered":"<p>\n<strong>El responsable de los Monumentos Nacionales (CNM), Philippe Belaval, anunci\u00f3 en la red social Twitter que una de las principales atracciones de Par\u00eds, el Arco del Triunfo, ser\u00e1 cerrado temporalmente a los turistas debido a los da\u00f1os sufridos durante los disturbios.<!--more--><\/strong><\/p>\n<p>\n\u00a0<\/p>\n<p style=\"text-align: center;\">\n<p><img decoding=\"async\" src=\"\/wp-content\/uploads\/2018\/12\/9917ac2d7af05910759ed809a525731d.jpg\" \/><\/p>\n<\/p>\n<p>\n\u00a0<\/p>\n<p>\n&quot;El Arco del Triunfo permanecer\u00e1 cerrado al p\u00fablico ma\u00f1ana. El Museo Central de Historia del Mundo comenzar\u00e1 las obras para abrir este monumento a la naci\u00f3n lo antes posible&quot;, escribi\u00f3 en la red social. Belaval adjunt\u00f3 una foto a su publicaci\u00f3n que muestra todos los da\u00f1os causados por los v\u00e1ndalos, quienes pintaron de rojo la cara de uno de los bustos, informa TASS.<\/p>\n<p>\nAdem\u00e1s de los v\u00e1ndalos que pintaron el busto, varias estatuas dentro del monumento hist\u00f3rico tambi\u00e9n fueron destrozadas, y el museo dentro del arco fue vandalizado: una pantalla multimedia fue destrozada y una maqueta de la historia de la construcci\u00f3n del monumento destruida. Todo el exterior qued\u00f3 cubierto de pintura.<\/p>\n<p>\nSeg\u00fan el ministro del Interior, Christophe Castaner, la zona que rodea y el interior del Arco del Triunfo ya ha sido despejada. Tambi\u00e9n se\u00f1al\u00f3 que v\u00e1ndalos tambi\u00e9n profanaron el Pante\u00f3n, donde est\u00e1n enterradas figuras prominentes de Francia desde finales del siglo XVIII, y el Hotel de Ville, sede del ayuntamiento de la capital.<\/p>\n<p>Fuente: <a href=\"http:\/\/www.trn-news.ru\/news\/84568\" target=\"_blank\" rel=\"noopener\">trn-news.ru<\/a><\/p>","protected":false},"excerpt":{"rendered":"<p>El presidente del Consejo Nacional de Monumentos (CNM), Philippe Belaval, anunci\u00f3 en la red social Twitter que uno de los principales monumentos estar\u00e1 cerrado temporalmente a los turistas.<\/p>","protected":false},"author":1,"featured_media":57146,"comment_status":"open","ping_status":"open","sticky":false,"template":"","format":"standard","meta":{"footnotes":""},"categories":[1],"tags":[],"class_list":["post-57145","post","type-post","status-publish","format-standard","has-post-thumbnail","hentry","category-novosti"],"_links":{"self":[{"href":"https:\/\/dev.prestigtours.com\/es\/wp-json\/wp\/v2\/posts\/57145"}],"collection":[{"href":"https:\/\/dev.prestigtours.com\/es\/wp-json\/wp\/v2\/posts"}],"about":[{"href":"https:\/\/dev.prestigtours.com\/es\/wp-json\/wp\/v2\/types\/post"}],"author":[{"embeddable":true,"href":"https:\/\/dev.prestigtours.com\/es\/wp-json\/wp\/v2\/users\/1"}],"replies":[{"embeddable":true,"href":"https:\/\/dev.prestigtours.com\/es\/wp-json\/wp\/v2\/comments?post=57145"}],"version-history":[{"count":0,"href":"https:\/\/dev.prestigtours.com\/es\/wp-json\/wp\/v2\/posts\/57145\/revisions"}],"wp:featuredmedia":[{"embeddable":true,"href":"https:\/\/dev.prestigtours.com\/es\/wp-json\/wp\/v2\/media\/57146"}],"wp:attachment":[{"href":"https:\/\/dev.prestigtours.com\/es\/wp-json\/wp\/v2\/media?parent=57145"}],"wp:term":[{"taxonomy":"category","embeddable":true,"href":"https:\/\/dev.prestigtours.com\/es\/wp-json\/wp\/v2\/categories?post=57145"},{"taxonomy":"post_tag","embeddable":true,"href":"https:\/\/dev.prestigtours.com\/es\/wp-json\/wp\/v2\/tags?post=57145"}],"curies":[{"name":"wp","href":"https:\/\/api.w.org\/{rel}","templated":true}]}}