{"id":61340,"date":"2019-08-25T12:04:05","date_gmt":"2019-08-25T09:04:05","guid":{"rendered":"https:\/\/dev.prestigtours.com\/novosti\/ditrih-pobeda-ne-planiryet-vyhodit-iz-gryppy-aeroflot.html"},"modified":"2019-08-25T12:04:05","modified_gmt":"2019-08-25T09:04:05","slug":"ditrih-pobeda-ne-planiryet-vyhodit-iz-gryppy-aeroflot","status":"publish","type":"post","link":"https:\/\/dev.prestigtours.com\/es\/novosti\/ditrih-pobeda-ne-planiryet-vyhodit-iz-gryppy-aeroflot","title":{"rendered":"Dietrich: Pobeda Airlines no tiene planes de abandonar el grupo Aeroflot."},"content":{"rendered":"<p>\n<strong>La salida de la aerol\u00ednea de bajo coste Pobeda del grupo Aeroflot no se est\u00e1 considerando por el momento, seg\u00fan Evgeny Ditrikh, jefe del Ministerio de Transporte ruso y presidente del consejo de administraci\u00f3n de Aeroflot.<\/strong><\/p>\n<p>\n\u00a0<\/p>\n<p><p><img decoding=\"async\" src=\"\/wp-content\/uploads\/2019\/08\/8203e460c569b9a72c3f0f13a454e34e.jpg\" \/><\/p>\n<\/p>\n<p>\n\u00a0<\/p>\n<p>\nRecordemos que ya se inform\u00f3 anteriormente <!--more-->El director del Servicio Federal Antimonopolio, Igor Artemyev, ha propuesto privatizar Pobeda Airlines. Considera que esta medida podr\u00eda tener un impacto positivo en el desarrollo del transporte nacional.<\/p>\n<p>\nSin embargo, como se\u00f1al\u00f3 el Sr. Dietrich, estos cambios definitivamente no son previsibles en un futuro pr\u00f3ximo. &quot;Como cualquier idea, requiere una investigaci\u00f3n exhaustiva para comprender por qu\u00e9 la necesitamos. Si nuestros colegas comparten sus ideas creativas en detalle, las consideraremos, pero hoy Pobeda se concibi\u00f3 como una aerol\u00ednea de bajo coste; est\u00e1 cerrando su segmento de pasajeros con Aeroflot, y no planeamos escindirla por ahora&quot;, declar\u00f3, seg\u00fan TASS.<\/p>\n<p>\nCabe a\u00f1adir que en julio de 2019, Pobeda anunci\u00f3 el lanzamiento de su propio operador tur\u00edstico, PobedaTravel.<\/p>\n<p>Fuente: <a href=\"http:\/\/www.trn-news.ru\/news\/94466\" target=\"_blank\" rel=\"noopener\">trn-news.ru<\/a><\/p>","protected":false},"excerpt":{"rendered":"<p>La salida de la aerol\u00ednea de bajo coste Pobeda del grupo de empresas Aeroflot no se est\u00e1 considerando por el momento, seg\u00fan el jefe del Ministerio de Transporte de Rusia y el presidente del consejo de administraci\u00f3n de Aeroflot.<\/p>","protected":false},"author":1,"featured_media":61341,"comment_status":"open","ping_status":"open","sticky":false,"template":"","format":"standard","meta":{"footnotes":""},"categories":[1],"tags":[],"class_list":["post-61340","post","type-post","status-publish","format-standard","has-post-thumbnail","hentry","category-novosti"],"_links":{"self":[{"href":"https:\/\/dev.prestigtours.com\/es\/wp-json\/wp\/v2\/posts\/61340"}],"collection":[{"href":"https:\/\/dev.prestigtours.com\/es\/wp-json\/wp\/v2\/posts"}],"about":[{"href":"https:\/\/dev.prestigtours.com\/es\/wp-json\/wp\/v2\/types\/post"}],"author":[{"embeddable":true,"href":"https:\/\/dev.prestigtours.com\/es\/wp-json\/wp\/v2\/users\/1"}],"replies":[{"embeddable":true,"href":"https:\/\/dev.prestigtours.com\/es\/wp-json\/wp\/v2\/comments?post=61340"}],"version-history":[{"count":0,"href":"https:\/\/dev.prestigtours.com\/es\/wp-json\/wp\/v2\/posts\/61340\/revisions"}],"wp:featuredmedia":[{"embeddable":true,"href":"https:\/\/dev.prestigtours.com\/es\/wp-json\/wp\/v2\/media\/61341"}],"wp:attachment":[{"href":"https:\/\/dev.prestigtours.com\/es\/wp-json\/wp\/v2\/media?parent=61340"}],"wp:term":[{"taxonomy":"category","embeddable":true,"href":"https:\/\/dev.prestigtours.com\/es\/wp-json\/wp\/v2\/categories?post=61340"},{"taxonomy":"post_tag","embeddable":true,"href":"https:\/\/dev.prestigtours.com\/es\/wp-json\/wp\/v2\/tags?post=61340"}],"curies":[{"name":"wp","href":"https:\/\/api.w.org\/{rel}","templated":true}]}}