{"id":62531,"date":"2019-12-06T15:06:07","date_gmt":"2019-12-06T12:06:07","guid":{"rendered":"https:\/\/dev.prestigtours.com\/novosti\/vc-ispanii-v-moskve-bydet-zakryt-6-dekabria.html"},"modified":"2019-12-06T15:06:07","modified_gmt":"2019-12-06T12:06:07","slug":"vc-ispanii-v-moskve-bydet-zakryt-6-dekabria","status":"publish","type":"post","link":"https:\/\/dev.prestigtours.com\/es\/novosti\/vc-ispanii-v-moskve-bydet-zakryt-6-dekabria","title":{"rendered":"El Centro de Exposiciones de Espa\u00f1a en Mosc\u00fa permanecer\u00e1 cerrado el 6 de diciembre"},"content":{"rendered":"<p>\n<strong>Los centros de visados espa\u00f1oles en Mosc\u00fa y en las ciudades pertenecientes al distrito consular de Mosc\u00fa estar\u00e1n cerrados el 6 de diciembre con motivo de la celebraci\u00f3n del D\u00eda de la Constituci\u00f3n.<\/strong><\/p>\n<p>\n\u00a0<\/p>\n<p><p><img decoding=\"async\" src=\"\/wp-content\/uploads\/2019\/12\/c8a06d15fd1e40e985985783f7634e13.jpg\" \/><\/p>\n<\/p>\n<p>\n\u00a0<\/p>\n<p>\n&quot;Centros de visados espa\u00f1oles en Mosc\u00fa y ciudades pertenecientes a la sede consular de Mosc\u00fa <!--more-->distrito, estar\u00e1 cerrado el 6 de diciembre con motivo de la celebraci\u00f3n del D\u00eda de la Constituci\u00f3n\u201d, dice un mensaje publicado en el portal oficial del Centro.<\/p>\n<p>\nCabe destacar que Espa\u00f1a celebra cada a\u00f1o el D\u00eda de la Constituci\u00f3n el 6 de diciembre. En este d\u00eda, el Congreso de los Diputados organiza una jornada de puertas abiertas y cualquier persona puede visitar la c\u00e1mara baja del Parlamento espa\u00f1ol.<\/p>\n<p>Fuente: <a href=\"http:\/\/www.trn-news.ru\/news\/98257\" target=\"_blank\" rel=\"noopener\">trn-news.ru<\/a><\/p>","protected":false},"excerpt":{"rendered":"<p>Los centros de visados espa\u00f1oles en Mosc\u00fa y en las ciudades pertenecientes al distrito consular de Mosc\u00fa estar\u00e1n cerrados el 6 de diciembre con motivo de la celebraci\u00f3n del D\u00eda de la Constituci\u00f3n. \u00a0 \u00a0<\/p>","protected":false},"author":1,"featured_media":62532,"comment_status":"open","ping_status":"open","sticky":false,"template":"","format":"standard","meta":{"footnotes":""},"categories":[1],"tags":[14],"class_list":["post-62531","post","type-post","status-publish","format-standard","has-post-thumbnail","hentry","category-novosti","tag-ispaniya"],"_links":{"self":[{"href":"https:\/\/dev.prestigtours.com\/es\/wp-json\/wp\/v2\/posts\/62531"}],"collection":[{"href":"https:\/\/dev.prestigtours.com\/es\/wp-json\/wp\/v2\/posts"}],"about":[{"href":"https:\/\/dev.prestigtours.com\/es\/wp-json\/wp\/v2\/types\/post"}],"author":[{"embeddable":true,"href":"https:\/\/dev.prestigtours.com\/es\/wp-json\/wp\/v2\/users\/1"}],"replies":[{"embeddable":true,"href":"https:\/\/dev.prestigtours.com\/es\/wp-json\/wp\/v2\/comments?post=62531"}],"version-history":[{"count":0,"href":"https:\/\/dev.prestigtours.com\/es\/wp-json\/wp\/v2\/posts\/62531\/revisions"}],"wp:featuredmedia":[{"embeddable":true,"href":"https:\/\/dev.prestigtours.com\/es\/wp-json\/wp\/v2\/media\/62532"}],"wp:attachment":[{"href":"https:\/\/dev.prestigtours.com\/es\/wp-json\/wp\/v2\/media?parent=62531"}],"wp:term":[{"taxonomy":"category","embeddable":true,"href":"https:\/\/dev.prestigtours.com\/es\/wp-json\/wp\/v2\/categories?post=62531"},{"taxonomy":"post_tag","embeddable":true,"href":"https:\/\/dev.prestigtours.com\/es\/wp-json\/wp\/v2\/tags?post=62531"}],"curies":[{"name":"wp","href":"https:\/\/api.w.org\/{rel}","templated":true}]}}