{"id":62719,"date":"2019-12-25T01:01:44","date_gmt":"2019-12-24T22:01:44","guid":{"rendered":"https:\/\/dev.prestigtours.com\/novosti\/v-novogodnie-prazdniki-mogyt-sorvatsia-do-30-reisov.html"},"modified":"2019-12-25T01:01:44","modified_gmt":"2019-12-24T22:01:44","slug":"v-novogodnie-prazdniki-mogyt-sorvatsia-do-30-reisov","status":"publish","type":"post","link":"https:\/\/dev.prestigtours.com\/es\/novosti\/v-novogodnie-prazdniki-mogyt-sorvatsia-do-30-reisov","title":{"rendered":"Hasta 30 vuelos pueden verse afectados durante las vacaciones de A\u00f1o Nuevo"},"content":{"rendered":"<p>\n<strong>La Asociaci\u00f3n Rusa de Operadores de Transporte A\u00e9reo (RAATO) se ha puesto en contacto con el viceministro de Transporte, Alexander Yurchik, en relaci\u00f3n con la posibilidad de interrupciones generalizadas de vuelos durante las vacaciones de A\u00f1o Nuevo. La carta se public\u00f3 en el sitio web oficial de la asociaci\u00f3n.<\/strong><\/p>\n<p>\n\u00a0<!--more--><\/p>\n<p><p><img decoding=\"async\" src=\"\/wp-content\/uploads\/2019\/12\/95088f6af392ce808d3269243556640d.jpg\" \/><\/p>\n<\/p>\n<p>\n\u00a0<\/p>\n<p>\n&quot;La Asociaci\u00f3n de Operadores de Transporte A\u00e9reo de Rusia (RAEA) se ve obligada a ponerse en contacto con usted en relaci\u00f3n con la cr\u00edtica situaci\u00f3n surgida debido a la suspensi\u00f3n del procedimiento de inclusi\u00f3n de aeronaves de aerol\u00edneas en los Acuerdos celebrados por la Federaci\u00f3n de Rusia de conformidad con el Art\u00edculo 83 bis del Convenio sobre Aviaci\u00f3n Civil Internacional&quot;, se\u00f1ala la carta.<\/p>\n<p>\nSeg\u00fan se\u00f1ala la Asociaci\u00f3n, seg\u00fan las peticiones de las compa\u00f1\u00edas a\u00e9reas, estar\u00edamos hablando de 27 a 30 aviones.<\/p>\n<p>\nEstas aeronaves fueron planificadas con antelaci\u00f3n por las aerol\u00edneas para operar vuelos durante las vacaciones de A\u00f1o Nuevo. La falta de inclusi\u00f3n de un n\u00famero tan elevado de aeronaves en los anexos de los Acuerdos pertinentes imposibilita su inclusi\u00f3n en los Certificados de Operador A\u00e9reo, lo que en \u00faltima instancia provocar\u00e1 una interrupci\u00f3n generalizada de los horarios de vuelo durante la temporada alta de las vacaciones de A\u00f1o Nuevo, afirma la carta.<\/p>\n<p>Fuente: <a href=\"http:\/\/www.trn-news.ru\/news\/98447\" target=\"_blank\" rel=\"noopener\">trn-news.ru<\/a><\/p>","protected":false},"excerpt":{"rendered":"<p>La Asociaci\u00f3n Rusa de Operadores de Transporte A\u00e9reo (RAATO) se ha puesto en contacto con el Viceministro de Transportes de la Federaci\u00f3n Rusa, Alexander Yurchik, en relaci\u00f3n con la posibilidad de interrupciones generalizadas de vuelos durante las fiestas de A\u00f1o Nuevo. La carta correspondiente<\/p>","protected":false},"author":1,"featured_media":62720,"comment_status":"open","ping_status":"open","sticky":false,"template":"","format":"standard","meta":{"footnotes":""},"categories":[1],"tags":[],"class_list":["post-62719","post","type-post","status-publish","format-standard","has-post-thumbnail","hentry","category-novosti"],"_links":{"self":[{"href":"https:\/\/dev.prestigtours.com\/es\/wp-json\/wp\/v2\/posts\/62719"}],"collection":[{"href":"https:\/\/dev.prestigtours.com\/es\/wp-json\/wp\/v2\/posts"}],"about":[{"href":"https:\/\/dev.prestigtours.com\/es\/wp-json\/wp\/v2\/types\/post"}],"author":[{"embeddable":true,"href":"https:\/\/dev.prestigtours.com\/es\/wp-json\/wp\/v2\/users\/1"}],"replies":[{"embeddable":true,"href":"https:\/\/dev.prestigtours.com\/es\/wp-json\/wp\/v2\/comments?post=62719"}],"version-history":[{"count":0,"href":"https:\/\/dev.prestigtours.com\/es\/wp-json\/wp\/v2\/posts\/62719\/revisions"}],"wp:featuredmedia":[{"embeddable":true,"href":"https:\/\/dev.prestigtours.com\/es\/wp-json\/wp\/v2\/media\/62720"}],"wp:attachment":[{"href":"https:\/\/dev.prestigtours.com\/es\/wp-json\/wp\/v2\/media?parent=62719"}],"wp:term":[{"taxonomy":"category","embeddable":true,"href":"https:\/\/dev.prestigtours.com\/es\/wp-json\/wp\/v2\/categories?post=62719"},{"taxonomy":"post_tag","embeddable":true,"href":"https:\/\/dev.prestigtours.com\/es\/wp-json\/wp\/v2\/tags?post=62719"}],"curies":[{"name":"wp","href":"https:\/\/api.w.org\/{rel}","templated":true}]}}