{"id":63377,"date":"2020-02-20T15:01:30","date_gmt":"2020-02-20T12:01:30","guid":{"rendered":"https:\/\/dev.prestigtours.com\/novosti\/mid-predypredil-ob-izmenenii-v-raspisanii-reisov-v-italii.html"},"modified":"2020-02-20T15:01:30","modified_gmt":"2020-02-20T12:01:30","slug":"mid-predypredil-ob-izmenenii-v-raspisanii-reisov-v-italii","status":"publish","type":"post","link":"https:\/\/dev.prestigtours.com\/es\/novosti\/mid-predypredil-ob-izmenenii-v-raspisanii-reisov-v-italii","title":{"rendered":"Ministerio de Exteriores advirti\u00f3 sobre cambios en el cronograma de vuelos en Italia"},"content":{"rendered":"<p>\n<strong>El Ministerio de Asuntos Exteriores de Rusia ha advertido a los turistas sobre posibles cambios en los horarios de los vuelos en Roma debido a la espesa niebla.<\/strong><\/p>\n<p>\n\u00a0<\/p>\n<p><p><img decoding=\"async\" src=\"\/wp-content\/uploads\/2020\/02\/a2f6e22f0cc0a5ef8af799f57da6011d.jpg\" \/><\/p>\n<\/p>\n<p>\n\u00a0<\/p>\n<p>\n&quot;Italia - 19 de febrero debido a la densa niebla en los aeropuertos internacionales de Roma, es posible que se produzcan cambios de horario y cancelaciones. <!--more-->vuelos\u201d, inform\u00f3 en Twitter el Centro de Situaci\u00f3n y Crisis (SCCC) del Ministerio de Asuntos Exteriores de Rusia.<\/p>\n<p>\nAdem\u00e1s, el departamento inform\u00f3 que est\u00e1 prevista una huelga de los trabajadores del transporte para el 24 de febrero y que es posible que se produzcan interrupciones en las operaciones de transporte.<\/p>\n<p>\n&quot;Italia - El 24 de febrero est\u00e1 prevista una huelga de trabajadores del transporte en Roma; se esperan interrupciones en el transporte p\u00fablico y es posible que se corten carreteras&quot;, se\u00f1ala el comunicado.<\/p>\n<p>Fuente: <a href=\"http:\/\/www.trn-news.ru\/news\/99041\" target=\"_blank\" rel=\"noopener\">trn-news.ru<\/a><\/p>","protected":false},"excerpt":{"rendered":"<p>El Ministerio de Asuntos Exteriores ruso advirti\u00f3 a los turistas sobre posibles cambios en los horarios de vuelos en Roma debido a la densa niebla. &quot;Italia - 19 de febrero debido a la densa niebla<\/p>","protected":false},"author":1,"featured_media":63378,"comment_status":"open","ping_status":"open","sticky":false,"template":"","format":"standard","meta":{"footnotes":""},"categories":[1],"tags":[],"class_list":["post-63377","post","type-post","status-publish","format-standard","has-post-thumbnail","hentry","category-novosti"],"_links":{"self":[{"href":"https:\/\/dev.prestigtours.com\/es\/wp-json\/wp\/v2\/posts\/63377"}],"collection":[{"href":"https:\/\/dev.prestigtours.com\/es\/wp-json\/wp\/v2\/posts"}],"about":[{"href":"https:\/\/dev.prestigtours.com\/es\/wp-json\/wp\/v2\/types\/post"}],"author":[{"embeddable":true,"href":"https:\/\/dev.prestigtours.com\/es\/wp-json\/wp\/v2\/users\/1"}],"replies":[{"embeddable":true,"href":"https:\/\/dev.prestigtours.com\/es\/wp-json\/wp\/v2\/comments?post=63377"}],"version-history":[{"count":0,"href":"https:\/\/dev.prestigtours.com\/es\/wp-json\/wp\/v2\/posts\/63377\/revisions"}],"wp:featuredmedia":[{"embeddable":true,"href":"https:\/\/dev.prestigtours.com\/es\/wp-json\/wp\/v2\/media\/63378"}],"wp:attachment":[{"href":"https:\/\/dev.prestigtours.com\/es\/wp-json\/wp\/v2\/media?parent=63377"}],"wp:term":[{"taxonomy":"category","embeddable":true,"href":"https:\/\/dev.prestigtours.com\/es\/wp-json\/wp\/v2\/categories?post=63377"},{"taxonomy":"post_tag","embeddable":true,"href":"https:\/\/dev.prestigtours.com\/es\/wp-json\/wp\/v2\/tags?post=63377"}],"curies":[{"name":"wp","href":"https:\/\/api.w.org\/{rel}","templated":true}]}}